{"id":780,"date":"2018-11-07T21:51:13","date_gmt":"2018-11-07T20:51:13","guid":{"rendered":"http:\/\/www.luleamakerspace.se\/?p=780"},"modified":"2018-11-07T21:51:13","modified_gmt":"2018-11-07T20:51:13","slug":"lulea-makerspace-fyller-5-ar","status":"publish","type":"post","link":"https:\/\/www.luleamakerspace.se\/?p=780","title":{"rendered":"Lule\u00e5 Makerspace fyller 5 \u00e5r!"},"content":{"rendered":"\n<figure class=\"wp-block-image\"><img decoding=\"async\" width=\"729\" height=\"729\" data-src=\"http:\/\/www.luleamakerspace.se\/wp-content\/uploads\/2018\/11\/ta\u030arta.jpg\" alt=\"\" class=\"wp-image-781 lazyload\" data-srcset=\"https:\/\/www.luleamakerspace.se\/wp-content\/uploads\/2018\/11\/ta\u030arta.jpg 729w, https:\/\/www.luleamakerspace.se\/wp-content\/uploads\/2018\/11\/ta\u030arta-150x150.jpg 150w, https:\/\/www.luleamakerspace.se\/wp-content\/uploads\/2018\/11\/ta\u030arta-300x300.jpg 300w\" data-sizes=\"(max-width: 729px) 100vw, 729px\" src=\"data:image\/svg+xml;base64,PHN2ZyB3aWR0aD0iMSIgaGVpZ2h0PSIxIiB4bWxucz0iaHR0cDovL3d3dy53My5vcmcvMjAwMC9zdmciPjwvc3ZnPg==\" style=\"--smush-placeholder-width: 729px; --smush-placeholder-aspect-ratio: 729\/729;\" \/><\/figure>\n\n\n\n<p class=\"wp-block-paragraph\">Dags f\u00f6r kalas! Woohoo. Lule\u00e5 Makerspace fyller fem \u00e5r och det firar vi s\u00f6ndag 25 november 2018 kl. 11:00\u201314:00! T\u00e5rta serveras 12:00!\u00a0<br><\/p>\n\n\n\n<p class=\"wp-block-paragraph\">Spacet h\u00e5ller \u00f6ppet i \u00f6vrigt om du vill komma f\u00f6rbi f\u00f6r att skapa ocks\u00e5!\u00a0\u00a0<\/p>\n\n\n\n<p class=\"wp-block-paragraph\">Anm\u00e4l er g\u00e4rna <a href=\"https:\/\/www.facebook.com\/events\/1100446886783786\/\">h\u00e4r<\/a> s\u00e5 vi vet hur m\u00e5nga som kommer!\u00a0<\/p>\n","protected":false},"excerpt":{"rendered":"<p>Dags f\u00f6r kalas! Woohoo. Lule\u00e5 Makerspace fyller fem \u00e5r och det firar vi s\u00f6ndag 25 november 2018 kl. 11:00\u201314:00! T\u00e5rta serveras 12:00!\u00a0 Spacet h\u00e5ller \u00f6ppet i \u00f6vrigt om du vill komma f\u00f6rbi f\u00f6r att skapa ocks\u00e5!\u00a0\u00a0 Anm\u00e4l er g\u00e4rna h\u00e4r s\u00e5 vi vet hur m\u00e5nga som kommer!\u00a0<\/p>\n","protected":false},"author":1,"featured_media":0,"comment_status":"open","ping_status":"open","sticky":false,"template":"","format":"standard","meta":{"_crdt_document":"","footnotes":""},"categories":[3,7],"tags":[],"class_list":["post-780","post","type-post","status-publish","format-standard","hentry","category-event","category-foreningen"],"_links":{"self":[{"href":"https:\/\/www.luleamakerspace.se\/index.php?rest_route=\/wp\/v2\/posts\/780","targetHints":{"allow":["GET"]}}],"collection":[{"href":"https:\/\/www.luleamakerspace.se\/index.php?rest_route=\/wp\/v2\/posts"}],"about":[{"href":"https:\/\/www.luleamakerspace.se\/index.php?rest_route=\/wp\/v2\/types\/post"}],"author":[{"embeddable":true,"href":"https:\/\/www.luleamakerspace.se\/index.php?rest_route=\/wp\/v2\/users\/1"}],"replies":[{"embeddable":true,"href":"https:\/\/www.luleamakerspace.se\/index.php?rest_route=%2Fwp%2Fv2%2Fcomments&post=780"}],"version-history":[{"count":0,"href":"https:\/\/www.luleamakerspace.se\/index.php?rest_route=\/wp\/v2\/posts\/780\/revisions"}],"wp:attachment":[{"href":"https:\/\/www.luleamakerspace.se\/index.php?rest_route=%2Fwp%2Fv2%2Fmedia&parent=780"}],"wp:term":[{"taxonomy":"category","embeddable":true,"href":"https:\/\/www.luleamakerspace.se\/index.php?rest_route=%2Fwp%2Fv2%2Fcategories&post=780"},{"taxonomy":"post_tag","embeddable":true,"href":"https:\/\/www.luleamakerspace.se\/index.php?rest_route=%2Fwp%2Fv2%2Ftags&post=780"}],"curies":[{"name":"wp","href":"https:\/\/api.w.org\/{rel}","templated":true}]}}