{"id":473,"date":"2017-12-18T12:08:23","date_gmt":"2017-12-18T11:08:23","guid":{"rendered":"http:\/\/www.luleamakerspace.se\/?p=473"},"modified":"2017-12-18T14:31:49","modified_gmt":"2017-12-18T13:31:49","slug":"lulea-makerspace-december-lulea-kommun-loves-makerspace-finansiering-sakrad-till-2021","status":"publish","type":"post","link":"https:\/\/www.luleamakerspace.se\/?p=473","title":{"rendered":"Lule\u00e5 Kommun loves Makerspace, finansiering s\u00e4krad till 2021"},"content":{"rendered":"<div>\n<p><a href=\"http:\/\/www.luleamakerspace.se\/wp-content\/uploads\/2017\/12\/LuleaMakerspaceAktivaLulea.jpg\"><img decoding=\"async\" class=\"aligncenter size-large wp-image-475 lazyload\" data-src=\"http:\/\/www.luleamakerspace.se\/wp-content\/uploads\/2017\/12\/LuleaMakerspaceAktivaLulea-1024x601.jpg\" alt=\"\" width=\"604\" height=\"354\" data-srcset=\"https:\/\/www.luleamakerspace.se\/wp-content\/uploads\/2017\/12\/LuleaMakerspaceAktivaLulea-1024x601.jpg 1024w, https:\/\/www.luleamakerspace.se\/wp-content\/uploads\/2017\/12\/LuleaMakerspaceAktivaLulea-300x176.jpg 300w, https:\/\/www.luleamakerspace.se\/wp-content\/uploads\/2017\/12\/LuleaMakerspaceAktivaLulea-768x451.jpg 768w\" data-sizes=\"(max-width: 604px) 100vw, 604px\" src=\"data:image\/svg+xml;base64,PHN2ZyB3aWR0aD0iMSIgaGVpZ2h0PSIxIiB4bWxucz0iaHR0cDovL3d3dy53My5vcmcvMjAwMC9zdmciPjwvc3ZnPg==\" style=\"--smush-placeholder-width: 604px; --smush-placeholder-aspect-ratio: 604\/354;\" \/><\/a><\/p>\n<p>Idag p\u00e5 morgonen presenterade Agneta och jag f\u00f6reningens verksamhet f\u00f6r Kommunstyrelsens arbetsutskott och fick mycket positiv \u00e5terkoppling. Detta ledde ocks\u00e5 till att v\u00e5r ans\u00f6kan om fortsatt bidrag fr\u00e5n Lule\u00e5 Kommun godk\u00e4ndes och v\u00e5r finansiering \u00e4r nu s\u00e4krad 4 \u00e5r fram\u00e5t, till och med 2021. K\u00e4nns otroligt skoj att vi f\u00e5r detta f\u00f6rtroende fr\u00e5n Lule\u00e5 Kommun.<\/p>\n<p>F\u00f6r att fira detta och \u00e4ven skapa lite tillsammans s\u00e5 har vi p\u00e5 fredag kv\u00e4ll\u00a0<i>Tomtemys<\/i>\u00a01730 &#8211; 2030 och alla \u00e4r v\u00e4lkomna p\u00e5 t\u00e5rta och julfika. Vi \u00f6nskar dock att ni anm\u00e4ler er h\u00e4r s\u00e5 jag vet hur mycket fika jag ska k\u00f6pa:\u00a0<a href=\"https:\/\/docs.google.com\/forms\/d\/18gC51CNXB8D742wOo1lWmo-l-5kV_6dSdmLjllbHBt8\/edit\" target=\"_blank\" rel=\"noopener\" data-saferedirecturl=\"https:\/\/www.google.com\/url?hl=en&amp;q=https:\/\/docs.google.com\/forms\/d\/18gC51CNXB8D742wOo1lWmo-l-5kV_6dSdmLjllbHBt8\/edit&amp;source=gmail&amp;ust=1513676149621000&amp;usg=AFQjCNHp-Zomlc-e4J4e5PGfrUvB91ShGQ\">https:\/\/docs.google.com\/<wbr \/>forms\/d\/18gC51CNXB8D742wOo1lWm<wbr \/>o-l-5kV_6dSdmLjllbHBt8\/edit<\/a><\/p>\n<p>Lokalen \u00e4r \u00e4ven \u00f6ppen ikv\u00e4ll f\u00f6r dataspelsskapande (och annat skapande): 1800-2100<\/p>\n<\/div>\n<div>\n<p>Generellt har vi nu expanderat v\u00e5r lokal och \u00e4ven flyttat ing\u00e5ngen ca 10m n\u00e4rmare bron. Vi h\u00e5ller p\u00e5 som b\u00e4st att inreda men redan nu kan man anv\u00e4nda den nya delen.<\/p>\n<p>V\u00e4lkomna!<\/p>\n<p>-Peter<\/p>\n<\/div>\n","protected":false},"excerpt":{"rendered":"<p>Idag p\u00e5 morgonen presenterade Agneta och jag f\u00f6reningens verksamhet f\u00f6r Kommunstyrelsens arbetsutskott och fick mycket positiv \u00e5terkoppling. Detta ledde ocks\u00e5 till att v\u00e5r ans\u00f6kan om fortsatt bidrag fr\u00e5n Lule\u00e5 Kommun godk\u00e4ndes och v\u00e5r finansiering \u00e4r nu s\u00e4krad 4 \u00e5r fram\u00e5t, till och med 2021. K\u00e4nns otroligt skoj att vi f\u00e5r detta f\u00f6rtroende fr\u00e5n Lule\u00e5 Kommun. &hellip; <a href=\"https:\/\/www.luleamakerspace.se\/?p=473\" class=\"more-link\">Forts\u00e4tt l\u00e4sa <span class=\"screen-reader-text\">Lule\u00e5 Kommun loves Makerspace, finansiering s\u00e4krad till 2021<\/span> <span class=\"meta-nav\">&rarr;<\/span><\/a><\/p>\n","protected":false},"author":1,"featured_media":0,"comment_status":"open","ping_status":"open","sticky":false,"template":"","format":"standard","meta":{"_crdt_document":"","footnotes":""},"categories":[7],"tags":[],"class_list":["post-473","post","type-post","status-publish","format-standard","hentry","category-foreningen"],"_links":{"self":[{"href":"https:\/\/www.luleamakerspace.se\/index.php?rest_route=\/wp\/v2\/posts\/473","targetHints":{"allow":["GET"]}}],"collection":[{"href":"https:\/\/www.luleamakerspace.se\/index.php?rest_route=\/wp\/v2\/posts"}],"about":[{"href":"https:\/\/www.luleamakerspace.se\/index.php?rest_route=\/wp\/v2\/types\/post"}],"author":[{"embeddable":true,"href":"https:\/\/www.luleamakerspace.se\/index.php?rest_route=\/wp\/v2\/users\/1"}],"replies":[{"embeddable":true,"href":"https:\/\/www.luleamakerspace.se\/index.php?rest_route=%2Fwp%2Fv2%2Fcomments&post=473"}],"version-history":[{"count":0,"href":"https:\/\/www.luleamakerspace.se\/index.php?rest_route=\/wp\/v2\/posts\/473\/revisions"}],"wp:attachment":[{"href":"https:\/\/www.luleamakerspace.se\/index.php?rest_route=%2Fwp%2Fv2%2Fmedia&parent=473"}],"wp:term":[{"taxonomy":"category","embeddable":true,"href":"https:\/\/www.luleamakerspace.se\/index.php?rest_route=%2Fwp%2Fv2%2Fcategories&post=473"},{"taxonomy":"post_tag","embeddable":true,"href":"https:\/\/www.luleamakerspace.se\/index.php?rest_route=%2Fwp%2Fv2%2Ftags&post=473"}],"curies":[{"name":"wp","href":"https:\/\/api.w.org\/{rel}","templated":true}]}}