{"id":273,"date":"2016-05-08T20:14:59","date_gmt":"2016-05-08T18:14:59","guid":{"rendered":"http:\/\/www.luleamakerspace.se\/?p=273"},"modified":"2016-05-09T21:48:54","modified_gmt":"2016-05-09T19:48:54","slug":"medlemsbrev-160508","status":"publish","type":"post","link":"https:\/\/www.luleamakerspace.se\/?p=273","title":{"rendered":"Medlemsbrev 160508"},"content":{"rendered":"<p><span style=\"font-weight: 400;\">Lule\u00e5 den 8 maj 2016<\/span><\/p>\n<p><span style=\"font-weight: 400;\">Hej!<\/span><\/p>\n<p><span style=\"font-weight: 400;\">Det finns ett stort tryck p\u00e5 att f\u00e5 komma in och labba i v\u00e5ra lokaler och efterfr\u00e5gan p\u00e5 workshops \u00e4r ocks\u00e5 stor. F\u00f6r att g\u00f6ra detta m\u00f6jligt beh\u00f6ver vi fler som har m\u00f6jlighet att engagera sig i f\u00f6reningen p\u00e5 olika s\u00e4tt.<\/span><\/p>\n<p><span style=\"font-weight: 400;\">Vid f\u00f6rra styrelsem\u00f6tet beslutades d\u00e4rf\u00f6r att vi nu pr\u00f6var nya v\u00e4gar till att m\u00f6ta efterfr\u00e5gan.<\/span><\/p>\n<p><span style=\"font-weight: 400;\">Det f\u00f6rsta \u00e4r en Facebookgrupp som heter Lule\u00e5 Makerspace medlemmar <\/span><a href=\"https:\/\/www.facebook.com\/groups\/1716682755237200\/?fref=ts\"><span style=\"font-weight: 400;\">https:\/\/www.facebook.com\/groups\/1716682755237200\/<\/span><\/a><span style=\"font-weight: 400;\">. Denna grupp \u00e4r t\u00e4nkt att fungera som en anslagstavla f\u00f6r diskussioner och utveckling. Kanske hittar du n\u00e5gon som \u00e4r intresserad av samma sak som du och tillsammans kan ni h\u00e5lla i en kv\u00e4ll med ett tema utifr\u00e5n ert intresse.<\/span><\/p>\n<p><span style=\"font-weight: 400;\">Det andra \u00e4r att vi har gjort upp ett kalendarium f\u00f6r maj d\u00e4r ni har m\u00f6jlighet att ta ansvar f\u00f6r att h\u00e5lla \u00f6ppet i Makerspacet n\u00e5gon kv\u00e4ll.<\/span><\/p>\n<p><span style=\"font-weight: 400;\">N\u00e4r du ansvarar f\u00f6r att h\u00e5lla \u00f6ppet en kv\u00e4ll i Makerspacet s\u00e5 ser du till att l\u00e5sa upp och l\u00e5sa igen. Om det kommer n\u00e5gon nyfiken till v\u00e5ra lokaler visar du dem runt och ber\u00e4ttar om v\u00e5r verksamhet. Du ser till att det \u00e4r st\u00e4dat, att alla maskiner \u00e4r avslagna och d\u00f6rrar l\u00e5sta n\u00e4r ni g\u00e5r. <\/span><\/p>\n<p><span style=\"font-weight: 400;\">Nycklar kvitterar ni ut fr\u00e5n n\u00e5gon av oss i styrelsen.<\/span><\/p>\n<p><span style=\"font-weight: 400;\">F\u00f6r er som \u00e4r intresserade av att h\u00e5lla \u00f6ppet eller ordna en workshop s\u00e5 finns det m\u00f6jlighet att f\u00e5 en genomg\u00e5ng nu p\u00e5 tisdag 10 maj kl.17.30-19.30.<\/span><\/p>\n<p><span style=\"font-weight: 400;\">\u00c4r du intresserad eller bara har fr\u00e5gor s\u00e5 maila mig p\u00e5 aghed70@gmail.com.<\/span><\/p>\n<h1><span style=\"font-weight: 400;\">Kalendarium<\/span><\/h1>\n<p><span style=\"font-weight: 400;\">tisdag 10 Maj kl. 17.30-19.30 \u00a0Agneta och Peter<\/span><\/p>\n<p><span style=\"font-weight: 400;\">torsdag 12 Maj kl.18-20<\/span><\/p>\n<p><span style=\"font-weight: 400;\">s\u00f6ndag 15 Maj kl.17.30-20.30<\/span><\/p>\n<p><span style=\"font-weight: 400;\">tisdag 17 Maj kl.18-20<\/span><\/p>\n<p><span style=\"font-weight: 400;\">torsdag 19 Maj kl.18-20<\/span><\/p>\n<p><span style=\"font-weight: 400;\">m\u00e5ndag 23 Maj kl.18-20\u00a0Ewa-Charlotte<\/span><\/p>\n<p><span style=\"font-weight: 400;\">onsdag 25 Maj kl.18-20<\/span><\/p>\n<p><span style=\"font-weight: 400;\">s\u00f6ndag 29 Maj kl.17.30-20<\/span><br \/>\nMed v\u00e4nlig h\u00e4lsning<br \/>\n<span style=\"font-weight: 400;\">Agneta Hedenstr\u00f6m<br \/>\n<\/span><span style=\"font-weight: 400;\">ordf\u00f6rande<\/span><\/p>\n","protected":false},"excerpt":{"rendered":"<p>Lule\u00e5 den 8 maj 2016 Hej! Det finns ett stort tryck p\u00e5 att f\u00e5 komma in och labba i v\u00e5ra lokaler och efterfr\u00e5gan p\u00e5 workshops \u00e4r ocks\u00e5 stor. F\u00f6r att g\u00f6ra detta m\u00f6jligt beh\u00f6ver vi fler som har m\u00f6jlighet att engagera sig i f\u00f6reningen p\u00e5 olika s\u00e4tt. Vid f\u00f6rra styrelsem\u00f6tet beslutades d\u00e4rf\u00f6r att vi nu &hellip; <a href=\"https:\/\/www.luleamakerspace.se\/?p=273\" class=\"more-link\">Forts\u00e4tt l\u00e4sa <span class=\"screen-reader-text\">Medlemsbrev 160508<\/span> <span class=\"meta-nav\">&rarr;<\/span><\/a><\/p>\n","protected":false},"author":1,"featured_media":0,"comment_status":"open","ping_status":"open","sticky":false,"template":"","format":"standard","meta":{"_crdt_document":"","footnotes":""},"categories":[7],"tags":[],"class_list":["post-273","post","type-post","status-publish","format-standard","hentry","category-foreningen"],"_links":{"self":[{"href":"https:\/\/www.luleamakerspace.se\/index.php?rest_route=\/wp\/v2\/posts\/273","targetHints":{"allow":["GET"]}}],"collection":[{"href":"https:\/\/www.luleamakerspace.se\/index.php?rest_route=\/wp\/v2\/posts"}],"about":[{"href":"https:\/\/www.luleamakerspace.se\/index.php?rest_route=\/wp\/v2\/types\/post"}],"author":[{"embeddable":true,"href":"https:\/\/www.luleamakerspace.se\/index.php?rest_route=\/wp\/v2\/users\/1"}],"replies":[{"embeddable":true,"href":"https:\/\/www.luleamakerspace.se\/index.php?rest_route=%2Fwp%2Fv2%2Fcomments&post=273"}],"version-history":[{"count":0,"href":"https:\/\/www.luleamakerspace.se\/index.php?rest_route=\/wp\/v2\/posts\/273\/revisions"}],"wp:attachment":[{"href":"https:\/\/www.luleamakerspace.se\/index.php?rest_route=%2Fwp%2Fv2%2Fmedia&parent=273"}],"wp:term":[{"taxonomy":"category","embeddable":true,"href":"https:\/\/www.luleamakerspace.se\/index.php?rest_route=%2Fwp%2Fv2%2Fcategories&post=273"},{"taxonomy":"post_tag","embeddable":true,"href":"https:\/\/www.luleamakerspace.se\/index.php?rest_route=%2Fwp%2Fv2%2Ftags&post=273"}],"curies":[{"name":"wp","href":"https:\/\/api.w.org\/{rel}","templated":true}]}}